{"id":361,"date":"2018-04-30T16:21:04","date_gmt":"2018-04-30T14:21:04","guid":{"rendered":"http:\/\/blog.edelmetall-handel.de\/?p=361"},"modified":"2018-06-29T13:36:21","modified_gmt":"2018-06-29T11:36:21","slug":"muenze-oesterreich-ag","status":"publish","type":"post","link":"https:\/\/www.edelmetall-handel.de\/blog\/muenze-oesterreich-ag\/","title":{"rendered":"M\u00fcnze \u00d6sterreich AG"},"content":{"rendered":"<p><img loading=\"lazy\" decoding=\"async\" width=\"810\" height=\"443\" class=\"alignnone size-full wp-image-363\" src=\"https:\/\/www.edelmetall-handel.de\/blog\/app\/uploads\/2018\/04\/Muenze_Oesterreich_Blog.jpg\" alt=\"\" srcset=\"https:\/\/www.edelmetall-handel.de\/blog\/app\/uploads\/2018\/04\/Muenze_Oesterreich_Blog.jpg 810w, https:\/\/www.edelmetall-handel.de\/blog\/app\/uploads\/2018\/04\/Muenze_Oesterreich_Blog-300x164.jpg 300w, https:\/\/www.edelmetall-handel.de\/blog\/app\/uploads\/2018\/04\/Muenze_Oesterreich_Blog-768x420.jpg 768w, https:\/\/www.edelmetall-handel.de\/blog\/app\/uploads\/2018\/04\/Muenze_Oesterreich_Blog-624x341.jpg 624w\" sizes=\"auto, (max-width: 810px) 100vw, 810px\" \/><\/p>\n<p>Die staatliche \u00f6sterreichische M\u00fcnzpr\u00e4geanstalt, die M\u00fcnze \u00d6sterreich AG, kann bereits auf \u00fcber 800 Jahre Geschichte zur\u00fcckblicken. \u00dcberlieferungen zufolge kam es 1191 bei der Belagerung und sp\u00e4teren Besetzung von Akkon zu einem Zerw\u00fcrfnis zwischen dem Babenberger Herzog Leopold und dem englischen K\u00f6nig Richard L\u00f6wenherz. Infolgedessen reiste der Herzog verfr\u00fcht zur\u00fcck in die Heimat. Als der Heimweg des Engl\u00e4nders aufgrund von widrigen Umst\u00e4nden durch \u00d6sterreich f\u00fchrte, wurde er auf Gehei\u00df des Herzogs gefangen genommen und erst nach Zahlung eines enormen L\u00f6segeldes von mehreren Tonnen Silber freigelassen. Das so erbeutete Edelmetall wurde in der ersten Wiener Pr\u00e4gest\u00e4tte zu M\u00fcnzen geschlagen. Urkundlich erw\u00e4hnt wird sie jedoch erst circa 200 Jahre sp\u00e4ter.<\/p>\n<p>Nach der Entstehung der Republik \u00d6sterreich 1918 wurde das Wiener Hauptm\u00fcnzamt zur einzigen staatlichen Pr\u00e4gest\u00e4tte ernannt. 1989 wurde sie als Tochterunternehmen der \u00d6sterreichischen Nationalbank unter dem Namen M\u00fcnze \u00d6sterreich AG neugegr\u00fcndet.<\/p>\n<p>Neben dem Einsatz unterschiedlichster Pr\u00e4gemethoden im Sinne der Prozessoptimierung galt der traditionellen Handwerkskunst stets das Augenmerk der M\u00fcnze \u00d6sterreich. So kreieren seit der Gr\u00fcndung der Graveur-Akademie in Wien im Jahre 1733 und bis heute hochbegabte Graveure die zahlreichen, weltber\u00fchmten Motive wie den Maria-Theresien-Taler, der 1780 im Todesjahr des Kaiserin entstand, oder den Wiener Philharmoniker, der seit der Erstausgabe 1989 zu den bedeutendsten Anlagem\u00fcnzen der Welt z\u00e4hlt.<\/p>\n<p>Als bemerkenswerte Innovation der M\u00fcnze \u00d6sterreich z\u00e4hlen die Bimetallm\u00fcnzen aus Silber und dem in der Raumfahrt verwendeten, hochschmelzenden Niob. Durch eine kontrollierte Oxidation, die auch anodisches Oxidieren genannt wird, bietet Niob bez\u00fcglich der Farbe unterschiedlichste Gestaltungsm\u00f6glichkeiten ohne Verluste von Transparenz oder Brillanz.<\/p>\n<p>Die \u00f6sterreichische M\u00fcnzpr\u00e4gest\u00e4tte, ihr au\u00dferordentlicher Qualit\u00e4tsanspruch und die daraus resultierenden kunstvollen, liebevoll gearbeiteten M\u00fcnzen werden weltweit gleicherma\u00dfen von Investoren und Sammlern gesch\u00e4tzt.<\/p>\n","protected":false},"excerpt":{"rendered":"<p>Die staatliche \u00f6sterreichische M\u00fcnzpr\u00e4geanstalt, die M\u00fcnze \u00d6sterreich AG, kann bereits auf \u00fcber 800 Jahre Geschichte zur\u00fcckblicken. \u00dcberlieferungen zufolge kam es 1191 bei der Belagerung und sp\u00e4teren Besetzung von Akkon zu einem Zerw\u00fcrfnis zwischen dem Babenberger Herzog Leopold und dem englischen K\u00f6nig Richard L\u00f6wenherz. Infolgedessen reiste der Herzog verfr\u00fcht zur\u00fcck in&hellip; <a class=\"more-link link--secondary\" href=\"https:\/\/www.edelmetall-handel.de\/blog\/muenze-oesterreich-ag\/\">Mehr lesen <span class=\"screen-reader-text\">M\u00fcnze \u00d6sterreich AG<\/span><i class=\"fa-plus fa-regular esg-color-neutral-700 fa-fw\"><\/i><\/a><\/p>\n","protected":false},"author":15,"featured_media":0,"comment_status":"closed","ping_status":"closed","sticky":false,"template":"","format":"standard","meta":{"footnotes":""},"categories":[1,69,11,10,12,65],"tags":[35,77,62,78,4,76],"class_list":["post-361","post","type-post","status-publish","format-standard","hentry","category-allgemein","category-barrenhersteller","category-edelmetall-news","category-esg-infos","category-goldmuenzen","category-muenzpraegeanstalt","tag-goldmuenzen","tag-maria-theresien-taler","tag-muenzpraegestaette","tag-silber-niob-muenzen","tag-silbermuenzen","tag-wiener-philharmoniker"],"_links":{"self":[{"href":"https:\/\/www.edelmetall-handel.de\/blog\/wp-json\/wp\/v2\/posts\/361","targetHints":{"allow":["GET"]}}],"collection":[{"href":"https:\/\/www.edelmetall-handel.de\/blog\/wp-json\/wp\/v2\/posts"}],"about":[{"href":"https:\/\/www.edelmetall-handel.de\/blog\/wp-json\/wp\/v2\/types\/post"}],"author":[{"embeddable":true,"href":"https:\/\/www.edelmetall-handel.de\/blog\/wp-json\/wp\/v2\/users\/15"}],"replies":[{"embeddable":true,"href":"https:\/\/www.edelmetall-handel.de\/blog\/wp-json\/wp\/v2\/comments?post=361"}],"version-history":[{"count":2,"href":"https:\/\/www.edelmetall-handel.de\/blog\/wp-json\/wp\/v2\/posts\/361\/revisions"}],"predecessor-version":[{"id":365,"href":"https:\/\/www.edelmetall-handel.de\/blog\/wp-json\/wp\/v2\/posts\/361\/revisions\/365"}],"wp:attachment":[{"href":"https:\/\/www.edelmetall-handel.de\/blog\/wp-json\/wp\/v2\/media?parent=361"}],"wp:term":[{"taxonomy":"category","embeddable":true,"href":"https:\/\/www.edelmetall-handel.de\/blog\/wp-json\/wp\/v2\/categories?post=361"},{"taxonomy":"post_tag","embeddable":true,"href":"https:\/\/www.edelmetall-handel.de\/blog\/wp-json\/wp\/v2\/tags?post=361"}],"curies":[{"name":"wp","href":"https:\/\/api.w.org\/{rel}","templated":true}]}}